{"id":983,"date":"2025-05-05T21:00:47","date_gmt":"2025-05-05T19:00:47","guid":{"rendered":"https:\/\/scoalademuzica3.ro\/?p=983"},"modified":"2025-05-10T21:42:56","modified_gmt":"2025-05-10T19:42:56","slug":"concursul-municipal-de-interpretare-instrumentala-dan-voiculescu-compozitor","status":"publish","type":"post","link":"https:\/\/scoalademuzica3.ro\/?p=983","title":{"rendered":""},"content":{"rendered":"\n<p><\/p>\n\n\n\n<p><strong>\u0218COALA GIMNAZIAL\u0102 DE ARTE NR.3<\/strong>, SECTOR1, BUCURE\u0218TI v\u0103 invit\u0103 la Concursul municipal de interpretare instrumental\u0103 \u201e<strong>DAN VOICULESCU \u2013 COMPOZITOR<\/strong>\u201d edi\u021bia a IV-a, 12-14 mai 2025. Concursul se adreseaz\u0103 elevilor din clasele I \u2013 VIII de la \u0219colile \u0219i liceele de muzic\u0103 \u0219i arte din Bucure\u0219ti, la urm\u0103toarele sec\u021biuni:<\/p>\n\n\n\n<div class=\"wp-block-group\"><div class=\"wp-block-group__inner-container is-layout-flow wp-block-group-is-layout-flow\">\n<ul>\n<li><strong>Interpretare instrumental\u0103<\/strong>: pian, pian complementar, vioar\u0103, corzi grave, instrumente de suflat, percu\u021bie;<\/li>\n\n\n\n<li><strong>Muzic\u0103 de camera\/ansamblu cor\/orchestr\u0103<\/strong>: pian la patru m\u00e2ini, forma\u021bii camerale, ansamblu cor\/orchestr\u0103.<\/li>\n<\/ul>\n\n\n\n<p>Repertoriul de concurs este alc\u0103tuit din dou\u0103 piese diferite ca stil, form\u0103 \u0219i caracter sau studiu \u0219i pies\u0103, \u0219i va fi interpretat din memorie, iar pentru sec\u021biunile pian complementar \u0219i muzic\u0103 de camer\u0103\/ansamblu cor\/orchestr\u0103 repertoriul va fi alc\u0103tuit din una sau dou\u0103 piese, care s\u0103 nu dep\u0103\u0219easc\u0103 15 minute.<\/p>\n\n\n\n<p>Evaluarea elevilor se va realiza conform grilei de evaluare de c\u0103tre comisii de specialitate, formate din profesori cu rezultate deosebite \u00een activitatea didactic\u0103 muzical\u0103.<\/p>\n\n\n\n<p>Comisiile vor fi organizate astfel: Comisia de <strong>pian<\/strong> pentru: pian, pian complementar, pian la 4 m\u00e2ini; comisia de <strong>vioar\u0103<\/strong>; comisia de <strong>corzi grave<\/strong> pentru: viol\u0103, violoncel, contrabas, harp\u0103, chitar\u0103; comisia de <strong>sufl\u0103tori\/percu\u021bie<\/strong> pentru: instrumente de suflat din lemn \u0219i alam\u0103,&nbsp; instrumente de percu\u021bie; comisia pentru <strong>muzic\u0103 de camer\u0103\/ansamblu cor\/orchestr\u0103<\/strong>.<\/p>\n\n\n\n<p>Concursul este distins cu premii \u0219i men\u021biuni care vor fi acordate pe clase \u0219i pe categorii de instrumente conform punctajelor de mai jos:<\/p>\n\n\n\n<ul>\n<li>Premiul I \u2013&nbsp; de la 10 la 9,70;<\/li>\n\n\n\n<li>Premiul II \u2013 de la 9,69 la 9,40;<\/li>\n\n\n\n<li>Premiul III \u2013de la 9,39 la 9,00;<\/li>\n\n\n\n<li>Men\u021biune \u2013&nbsp; de la 8,99 la 8,50.<\/li>\n<\/ul>\n\n\n\n<p>Juriul fiec\u0103rei sec\u021biuni poate acorda \u0219i un singur premiul I de excelen\u021b\u0103, f\u0103r\u0103 a fi obligatoriu.<\/p>\n\n\n\n<p>Hot\u0103r\u00e2rile comisiilor de evaluare sunt definitive si irevocabile, nu se admit contesta\u021bii.<\/p>\n\n\n\n<p><strong>Concursul se va desf\u0103\u0219ura \u00een perioada 12-14 MAI 2025.<\/strong><\/p>\n\n\n\n<p>Fi\u0219ele de \u00eenscriere completate \u0219i semnate se vor trimite pe e-mail la adresa <a href=\"mailto:concurs.voiculescu@arte3.ro\">concurs.voiculescu@arte3.ro<\/a> p\u00e2n\u0103&nbsp; la data de <strong><u>8 MAI 2025<\/u><\/strong>.<\/p>\n\n\n\n<p class=\"has-text-align-center\"><strong>V\u0103 a\u0219tept\u0103m \u0219i v\u0103 dorim succes!<\/strong><\/p>\n\n\n\n<p><strong><mark style=\"background-color:rgba(0, 0, 0, 0)\" class=\"has-inline-color has-luminous-vivid-orange-color\">ACTUALIZARE!<\/mark><\/strong><\/p>\n\n\n<a href=\"https:\/\/scoalademuzica3.ro\/wp-content\/uploads\/2025\/05\/Ordinea-intrarii-in-concurs-ANSAMBLURI-Concurs-Dan-Voiculescu-2025.pdf\" class=\"pdfemb-viewer\" style=\"\" data-width=\"max\" data-height=\"max\" data-toolbar=\"bottom\" data-toolbar-fixed=\"on\">Ordinea-intrarii-in-concurs-ANSAMBLURI-Concurs-Dan-Voiculescu-2025<\/a><\/div><\/div>\n","protected":false},"excerpt":{"rendered":"<p>\u0218COALA GIMNAZIAL\u0102 DE ARTE NR.3, SECTOR1, BUCURE\u0218TI v\u0103 invit\u0103 la Concursul municipal de interpretare instrumental\u0103 \u201eDAN VOICULESCU \u2013 COMPOZITOR\u201d edi\u021bia <a href=\"https:\/\/scoalademuzica3.ro\/?p=983\" class=\"btn-link\">Continu\u0103 aici<i class=\"ion-ios-arrow-right\"><\/i><\/a><\/p>\n","protected":false},"author":1,"featured_media":985,"comment_status":"closed","ping_status":"closed","sticky":true,"template":"","format":"quote","meta":{"footnotes":""},"categories":[1],"tags":[],"_links":{"self":[{"href":"https:\/\/scoalademuzica3.ro\/index.php?rest_route=\/wp\/v2\/posts\/983"}],"collection":[{"href":"https:\/\/scoalademuzica3.ro\/index.php?rest_route=\/wp\/v2\/posts"}],"about":[{"href":"https:\/\/scoalademuzica3.ro\/index.php?rest_route=\/wp\/v2\/types\/post"}],"author":[{"embeddable":true,"href":"https:\/\/scoalademuzica3.ro\/index.php?rest_route=\/wp\/v2\/users\/1"}],"replies":[{"embeddable":true,"href":"https:\/\/scoalademuzica3.ro\/index.php?rest_route=%2Fwp%2Fv2%2Fcomments&post=983"}],"version-history":[{"count":5,"href":"https:\/\/scoalademuzica3.ro\/index.php?rest_route=\/wp\/v2\/posts\/983\/revisions"}],"predecessor-version":[{"id":994,"href":"https:\/\/scoalademuzica3.ro\/index.php?rest_route=\/wp\/v2\/posts\/983\/revisions\/994"}],"wp:featuredmedia":[{"embeddable":true,"href":"https:\/\/scoalademuzica3.ro\/index.php?rest_route=\/wp\/v2\/media\/985"}],"wp:attachment":[{"href":"https:\/\/scoalademuzica3.ro\/index.php?rest_route=%2Fwp%2Fv2%2Fmedia&parent=983"}],"wp:term":[{"taxonomy":"category","embeddable":true,"href":"https:\/\/scoalademuzica3.ro\/index.php?rest_route=%2Fwp%2Fv2%2Fcategories&post=983"},{"taxonomy":"post_tag","embeddable":true,"href":"https:\/\/scoalademuzica3.ro\/index.php?rest_route=%2Fwp%2Fv2%2Ftags&post=983"}],"curies":[{"name":"wp","href":"https:\/\/api.w.org\/{rel}","templated":true}]}}